{"id":1958,"date":"2021-02-09T09:00:44","date_gmt":"2021-02-09T09:00:44","guid":{"rendered":"http:\/\/170.100.10.5\/wordpress\/?p=1958"},"modified":"2023-05-31T13:08:29","modified_gmt":"2023-05-31T13:08:29","slug":"formacion-en-habilidades-personales-y-herramientas-de-emprendimiento","status":"publish","type":"post","link":"https:\/\/impaktemos.org\/?p=1958","title":{"rendered":"Formaci\u00f3n en habilidades personales y herramientas de emprendimiento"},"content":{"rendered":"<div id=\"panel-1154-0-0-0\" class=\"so-panel widget widget_sow-editor panel-first-child\" data-index=\"0\">\n<div class=\"so-widget-sow-editor so-widget-sow-editor-base\">\n<div class=\"siteorigin-widget-tinymce textwidget\">\n<h5>CEFIM present\u00f3 el Programa de Acompa\u00f1amiento para Emprendedoras en su modalidad virtual con una duraci\u00f3n de 16 semanas, de la mano de expertos que les apoyar\u00e1n a desarrollar habilidades y herramientas que potencien sus negocios e impulsen su desempe\u00f1o como emprendedoras.<\/h5>\n<\/div>\n<\/div>\n<\/div>\n<div id=\"panel-1154-0-0-1\" class=\"so-panel widget widget_sow-image\" data-index=\"1\">\n<div class=\"so-widget-sow-image so-widget-sow-image-default-d6014b76747a\">\n<div class=\"sow-image-container\"><img fetchpriority=\"high\" decoding=\"async\" class=\"so-widget-image aligncenter\" title=\"1 (4)\" src=\"http:\/\/170.100.10.5\/wordpress\/wp-content\/uploads\/2021\/02\/1-4.png\" sizes=\"(max-width: 1080px) 100vw, 1080px\" srcset=\"http:\/\/170.100.10.5\/wordpress\/wp-content\/uploads\/2021\/02\/1-4.png 1080w, http:\/\/170.100.10.5\/wordpress\/wp-content\/uploads\/2021\/02\/1-4-300x300.png 300w, http:\/\/170.100.10.5\/wordpress\/wp-content\/uploads\/2021\/02\/1-4-1024x1024.png 1024w, http:\/\/170.100.10.5\/wordpress\/wp-content\/uploads\/2021\/02\/1-4-150x150.png 150w, http:\/\/170.100.10.5\/wordpress\/wp-content\/uploads\/2021\/02\/1-4-768x768.png 768w\" alt=\"\" width=\"620\" height=\"620\" \/><\/div>\n<div><\/div>\n<\/div>\n<\/div>\n<div id=\"panel-1154-0-0-2\" class=\"so-panel widget widget_sow-image\" data-index=\"2\">\n<div class=\"so-widget-sow-image so-widget-sow-image-default-d6014b76747a\">\n<div class=\"sow-image-container\"><img decoding=\"async\" class=\"so-widget-image aligncenter lazyload\" data-src=\"http:\/\/170.100.10.5\/wordpress\/wp-content\/uploads\/2021\/02\/2.png\" data-sizes=\"(max-width: 1080px) 100vw, 1080px\" data-srcset=\"http:\/\/170.100.10.5\/wordpress\/wp-content\/uploads\/2021\/02\/2.png 1080w, http:\/\/170.100.10.5\/wordpress\/wp-content\/uploads\/2021\/02\/2-300x300.png 300w, http:\/\/170.100.10.5\/wordpress\/wp-content\/uploads\/2021\/02\/2-1024x1024.png 1024w, http:\/\/170.100.10.5\/wordpress\/wp-content\/uploads\/2021\/02\/2-150x150.png 150w, http:\/\/170.100.10.5\/wordpress\/wp-content\/uploads\/2021\/02\/2-768x768.png 768w\" alt=\"\" width=\"620\" height=\"620\" src=\"data:image\/svg+xml;base64,PHN2ZyB3aWR0aD0iMSIgaGVpZ2h0PSIxIiB4bWxucz0iaHR0cDovL3d3dy53My5vcmcvMjAwMC9zdmciPjwvc3ZnPg==\" style=\"--smush-placeholder-width: 620px; --smush-placeholder-aspect-ratio: 620\/620;\" \/><\/div>\n<div><\/div>\n<\/div>\n<\/div>\n<div id=\"panel-1154-0-0-3\" class=\"so-panel widget widget_sow-image panel-last-child\" data-index=\"3\">\n<div class=\"so-widget-sow-image so-widget-sow-image-default-d6014b76747a\">\n<div class=\"sow-image-container\"><img decoding=\"async\" class=\"so-widget-image aligncenter lazyload\" title=\"3 (1)\" data-src=\"http:\/\/170.100.10.5\/wordpress\/wp-content\/uploads\/2021\/02\/3-1.png\" data-sizes=\"(max-width: 1080px) 100vw, 1080px\" data-srcset=\"http:\/\/170.100.10.5\/wordpress\/wp-content\/uploads\/2021\/02\/3-1.png 1080w, http:\/\/170.100.10.5\/wordpress\/wp-content\/uploads\/2021\/02\/3-1-300x300.png 300w, http:\/\/170.100.10.5\/wordpress\/wp-content\/uploads\/2021\/02\/3-1-1024x1024.png 1024w, http:\/\/170.100.10.5\/wordpress\/wp-content\/uploads\/2021\/02\/3-1-150x150.png 150w, http:\/\/170.100.10.5\/wordpress\/wp-content\/uploads\/2021\/02\/3-1-768x768.png 768w\" alt=\"\" width=\"620\" height=\"620\" src=\"data:image\/svg+xml;base64,PHN2ZyB3aWR0aD0iMSIgaGVpZ2h0PSIxIiB4bWxucz0iaHR0cDovL3d3dy53My5vcmcvMjAwMC9zdmciPjwvc3ZnPg==\" style=\"--smush-placeholder-width: 620px; --smush-placeholder-aspect-ratio: 620\/620;\" \/><\/div>\n<\/div>\n<\/div>\n","protected":false},"excerpt":{"rendered":"<p>CEFIM present\u00f3 el Programa de Acompa\u00f1amiento para Emprendedoras en su modalidad virtual con una duraci\u00f3n de 16 semanas, de la mano de expertos que les apoyar\u00e1n a desarrollar habilidades y herramientas que potencien sus negocios e impulsen su desempe\u00f1o como emprendedoras.<\/p>\n","protected":false},"author":5,"featured_media":1957,"comment_status":"closed","ping_status":"open","sticky":false,"template":"","format":"standard","meta":{"site-sidebar-layout":"default","site-content-layout":"default","ast-site-content-layout":"","site-content-style":"default","site-sidebar-style":"default","ast-global-header-display":"","ast-banner-title-visibility":"","ast-main-header-display":"disabled","ast-hfb-above-header-display":"","ast-hfb-below-header-display":"","ast-hfb-mobile-header-display":"","site-post-title":"","ast-breadcrumbs-content":"","ast-featured-img":"disabled","footer-sml-layout":"","theme-transparent-header-meta":"default","adv-header-id-meta":"","stick-header-meta":"","header-above-stick-meta":"","header-main-stick-meta":"","header-below-stick-meta":"","astra-migrate-meta-layouts":"default","ast-page-background-enabled":"default","ast-page-background-meta":{"desktop":{"background-color":"","background-image":"","background-repeat":"repeat","background-position":"center center","background-size":"auto","background-attachment":"scroll","background-type":"","background-media":"","overlay-type":"","overlay-color":"","overlay-opacity":"","overlay-gradient":""},"tablet":{"background-color":"","background-image":"","background-repeat":"repeat","background-position":"center center","background-size":"auto","background-attachment":"scroll","background-type":"","background-media":"","overlay-type":"","overlay-color":"","overlay-opacity":"","overlay-gradient":""},"mobile":{"background-color":"","background-image":"","background-repeat":"repeat","background-position":"center center","background-size":"auto","background-attachment":"scroll","background-type":"","background-media":"","overlay-type":"","overlay-color":"","overlay-opacity":"","overlay-gradient":""}},"ast-content-background-meta":{"desktop":{"background-color":"var(--ast-global-color-5)","background-image":"","background-repeat":"repeat","background-position":"center center","background-size":"auto","background-attachment":"scroll","background-type":"","background-media":"","overlay-type":"","overlay-color":"","overlay-opacity":"","overlay-gradient":""},"tablet":{"background-color":"var(--ast-global-color-5)","background-image":"","background-repeat":"repeat","background-position":"center center","background-size":"auto","background-attachment":"scroll","background-type":"","background-media":"","overlay-type":"","overlay-color":"","overlay-opacity":"","overlay-gradient":""},"mobile":{"background-color":"var(--ast-global-color-5)","background-image":"","background-repeat":"repeat","background-position":"center center","background-size":"auto","background-attachment":"scroll","background-type":"","background-media":"","overlay-type":"","overlay-color":"","overlay-opacity":"","overlay-gradient":""}},"_joinchat":[],"footnotes":""},"categories":[11],"tags":[],"class_list":["post-1958","post","type-post","status-publish","format-standard","has-post-thumbnail","hentry","category-noticias"],"yoast_head":"<!-- This site is optimized with the Yoast SEO plugin v27.5 - https:\/\/yoast.com\/product\/yoast-seo-wordpress\/ -->\n<title>Programa de Acompa\u00f1amiento para Emprendedoras - Impaktemos<\/title>\n<meta name=\"description\" content=\"CEFIM present\u00f3 el Programa de Acompa\u00f1amiento para Emprendedoras en su modalidad virtual con una duraci\u00f3n de 16 semanas...\" \/>\n<meta name=\"robots\" content=\"index, follow, max-snippet:-1, max-image-preview:large, max-video-preview:-1\" \/>\n<link rel=\"canonical\" href=\"https:\/\/impaktemos.org\/?p=1958\" \/>\n<meta property=\"og:locale\" content=\"es_ES\" \/>\n<meta property=\"og:type\" content=\"article\" \/>\n<meta property=\"og:title\" content=\"Programa de Acompa\u00f1amiento para Emprendedoras - Impaktemos\" \/>\n<meta property=\"og:description\" content=\"CEFIM present\u00f3 el Programa de Acompa\u00f1amiento para Emprendedoras en su modalidad virtual con una duraci\u00f3n de 16 semanas...\" \/>\n<meta property=\"og:url\" content=\"https:\/\/impaktemos.org\/?p=1958\" \/>\n<meta property=\"og:site_name\" content=\"Impaktemos\" \/>\n<meta property=\"article:publisher\" content=\"https:\/\/www.facebook.com\/impaktemos\/\" \/>\n<meta property=\"article:published_time\" content=\"2021-02-09T09:00:44+00:00\" \/>\n<meta property=\"article:modified_time\" content=\"2023-05-31T13:08:29+00:00\" \/>\n<meta property=\"og:image\" content=\"https:\/\/impaktemos.org\/wp-content\/uploads\/2021\/02\/Noticia-Formacion-en-habilidades-personales-y-herramientas-de-emprendimiento-Impaktemos.jpg\" \/>\n\t<meta property=\"og:image:width\" content=\"821\" \/>\n\t<meta property=\"og:image:height\" content=\"481\" \/>\n\t<meta property=\"og:image:type\" content=\"image\/jpeg\" \/>\n<meta name=\"author\" content=\"Impaktemos\" \/>\n<meta name=\"twitter:card\" content=\"summary_large_image\" \/>\n<meta name=\"twitter:creator\" content=\"@impaktemos\" \/>\n<meta name=\"twitter:site\" content=\"@impaktemos\" \/>\n<meta name=\"twitter:label1\" content=\"Escrito por\" \/>\n\t<meta name=\"twitter:data1\" content=\"Impaktemos\" \/>\n\t<meta name=\"twitter:label2\" content=\"Tiempo estimado de lectura\" \/>\n\t<meta name=\"twitter:data2\" content=\"1 minuto\" \/>\n<script type=\"application\/ld+json\" class=\"yoast-schema-graph\">{\"@context\":\"https:\\\/\\\/schema.org\",\"@graph\":[{\"@type\":\"Article\",\"@id\":\"https:\\\/\\\/impaktemos.org\\\/?p=1958#article\",\"isPartOf\":{\"@id\":\"https:\\\/\\\/impaktemos.org\\\/?p=1958\"},\"author\":{\"name\":\"Impaktemos\",\"@id\":\"https:\\\/\\\/impaktemos.org\\\/#\\\/schema\\\/person\\\/0e95c7ac7e6f5290ad1a12d9ee59ce8e\"},\"headline\":\"Formaci\u00f3n en habilidades personales y herramientas de emprendimiento\",\"datePublished\":\"2021-02-09T09:00:44+00:00\",\"dateModified\":\"2023-05-31T13:08:29+00:00\",\"mainEntityOfPage\":{\"@id\":\"https:\\\/\\\/impaktemos.org\\\/?p=1958\"},\"wordCount\":53,\"publisher\":{\"@id\":\"https:\\\/\\\/impaktemos.org\\\/#organization\"},\"image\":{\"@id\":\"https:\\\/\\\/impaktemos.org\\\/?p=1958#primaryimage\"},\"thumbnailUrl\":\"https:\\\/\\\/impaktemos.org\\\/wp-content\\\/uploads\\\/2021\\\/02\\\/Noticia-Formacion-en-habilidades-personales-y-herramientas-de-emprendimiento-Impaktemos.jpg\",\"articleSection\":[\"Noticias\"],\"inLanguage\":\"es\"},{\"@type\":\"WebPage\",\"@id\":\"https:\\\/\\\/impaktemos.org\\\/?p=1958\",\"url\":\"https:\\\/\\\/impaktemos.org\\\/?p=1958\",\"name\":\"Programa de Acompa\u00f1amiento para Emprendedoras - Impaktemos\",\"isPartOf\":{\"@id\":\"https:\\\/\\\/impaktemos.org\\\/#website\"},\"primaryImageOfPage\":{\"@id\":\"https:\\\/\\\/impaktemos.org\\\/?p=1958#primaryimage\"},\"image\":{\"@id\":\"https:\\\/\\\/impaktemos.org\\\/?p=1958#primaryimage\"},\"thumbnailUrl\":\"https:\\\/\\\/impaktemos.org\\\/wp-content\\\/uploads\\\/2021\\\/02\\\/Noticia-Formacion-en-habilidades-personales-y-herramientas-de-emprendimiento-Impaktemos.jpg\",\"datePublished\":\"2021-02-09T09:00:44+00:00\",\"dateModified\":\"2023-05-31T13:08:29+00:00\",\"description\":\"CEFIM present\u00f3 el Programa de Acompa\u00f1amiento para Emprendedoras en su modalidad virtual con una duraci\u00f3n de 16 semanas...\",\"breadcrumb\":{\"@id\":\"https:\\\/\\\/impaktemos.org\\\/?p=1958#breadcrumb\"},\"inLanguage\":\"es\",\"potentialAction\":[{\"@type\":\"ReadAction\",\"target\":[\"https:\\\/\\\/impaktemos.org\\\/?p=1958\"]}]},{\"@type\":\"ImageObject\",\"inLanguage\":\"es\",\"@id\":\"https:\\\/\\\/impaktemos.org\\\/?p=1958#primaryimage\",\"url\":\"https:\\\/\\\/impaktemos.org\\\/wp-content\\\/uploads\\\/2021\\\/02\\\/Noticia-Formacion-en-habilidades-personales-y-herramientas-de-emprendimiento-Impaktemos.jpg\",\"contentUrl\":\"https:\\\/\\\/impaktemos.org\\\/wp-content\\\/uploads\\\/2021\\\/02\\\/Noticia-Formacion-en-habilidades-personales-y-herramientas-de-emprendimiento-Impaktemos.jpg\",\"width\":821,\"height\":481,\"caption\":\"Programa de Acompa\u00f1amiento\"},{\"@type\":\"BreadcrumbList\",\"@id\":\"https:\\\/\\\/impaktemos.org\\\/?p=1958#breadcrumb\",\"itemListElement\":[{\"@type\":\"ListItem\",\"position\":1,\"name\":\"Home\",\"item\":\"https:\\\/\\\/impaktemos.org\\\/\"},{\"@type\":\"ListItem\",\"position\":2,\"name\":\"Formaci\u00f3n en habilidades personales y herramientas de emprendimiento\"}]},{\"@type\":\"WebSite\",\"@id\":\"https:\\\/\\\/impaktemos.org\\\/#website\",\"url\":\"https:\\\/\\\/impaktemos.org\\\/\",\"name\":\"Impaktemos\",\"description\":\"My WordPress Blog\",\"publisher\":{\"@id\":\"https:\\\/\\\/impaktemos.org\\\/#organization\"},\"potentialAction\":[{\"@type\":\"SearchAction\",\"target\":{\"@type\":\"EntryPoint\",\"urlTemplate\":\"https:\\\/\\\/impaktemos.org\\\/?s={search_term_string}\"},\"query-input\":{\"@type\":\"PropertyValueSpecification\",\"valueRequired\":true,\"valueName\":\"search_term_string\"}}],\"inLanguage\":\"es\"},{\"@type\":\"Organization\",\"@id\":\"https:\\\/\\\/impaktemos.org\\\/#organization\",\"name\":\"Impaktemos\",\"url\":\"https:\\\/\\\/impaktemos.org\\\/\",\"logo\":{\"@type\":\"ImageObject\",\"inLanguage\":\"es\",\"@id\":\"https:\\\/\\\/impaktemos.org\\\/#\\\/schema\\\/logo\\\/image\\\/\",\"url\":\"http:\\\/\\\/170.100.10.5\\\/wordpress\\\/wp-content\\\/uploads\\\/2021\\\/11\\\/Logo_impaktemos.png\",\"contentUrl\":\"http:\\\/\\\/170.100.10.5\\\/wordpress\\\/wp-content\\\/uploads\\\/2021\\\/11\\\/Logo_impaktemos.png\",\"width\":198,\"height\":59,\"caption\":\"Impaktemos\"},\"image\":{\"@id\":\"https:\\\/\\\/impaktemos.org\\\/#\\\/schema\\\/logo\\\/image\\\/\"},\"sameAs\":[\"https:\\\/\\\/www.facebook.com\\\/impaktemos\\\/\",\"https:\\\/\\\/x.com\\\/impaktemos\",\"https:\\\/\\\/www.instagram.com\\\/impaktemos\\\/\",\"https:\\\/\\\/www.youtube.com\\\/channel\\\/UCr4_KQ1DTZ3q-ZnWZ4lT-Xw\"]},{\"@type\":\"Person\",\"@id\":\"https:\\\/\\\/impaktemos.org\\\/#\\\/schema\\\/person\\\/0e95c7ac7e6f5290ad1a12d9ee59ce8e\",\"name\":\"Impaktemos\",\"image\":{\"@type\":\"ImageObject\",\"inLanguage\":\"es\",\"@id\":\"https:\\\/\\\/secure.gravatar.com\\\/avatar\\\/2a3c0ee8f2f6c97267454894cddecc0ec5ef87b3335edd07be600d135fcb215d?s=96&d=mm&r=g\",\"url\":\"https:\\\/\\\/secure.gravatar.com\\\/avatar\\\/2a3c0ee8f2f6c97267454894cddecc0ec5ef87b3335edd07be600d135fcb215d?s=96&d=mm&r=g\",\"contentUrl\":\"https:\\\/\\\/secure.gravatar.com\\\/avatar\\\/2a3c0ee8f2f6c97267454894cddecc0ec5ef87b3335edd07be600d135fcb215d?s=96&d=mm&r=g\",\"caption\":\"Impaktemos\"},\"url\":\"https:\\\/\\\/impaktemos.org\\\/?author=5\"}]}<\/script>\n<!-- \/ Yoast SEO plugin. -->","yoast_head_json":{"title":"Programa de Acompa\u00f1amiento para Emprendedoras - Impaktemos","description":"CEFIM present\u00f3 el Programa de Acompa\u00f1amiento para Emprendedoras en su modalidad virtual con una duraci\u00f3n de 16 semanas...","robots":{"index":"index","follow":"follow","max-snippet":"max-snippet:-1","max-image-preview":"max-image-preview:large","max-video-preview":"max-video-preview:-1"},"canonical":"https:\/\/impaktemos.org\/?p=1958","og_locale":"es_ES","og_type":"article","og_title":"Programa de Acompa\u00f1amiento para Emprendedoras - Impaktemos","og_description":"CEFIM present\u00f3 el Programa de Acompa\u00f1amiento para Emprendedoras en su modalidad virtual con una duraci\u00f3n de 16 semanas...","og_url":"https:\/\/impaktemos.org\/?p=1958","og_site_name":"Impaktemos","article_publisher":"https:\/\/www.facebook.com\/impaktemos\/","article_published_time":"2021-02-09T09:00:44+00:00","article_modified_time":"2023-05-31T13:08:29+00:00","og_image":[{"width":821,"height":481,"url":"https:\/\/impaktemos.org\/wp-content\/uploads\/2021\/02\/Noticia-Formacion-en-habilidades-personales-y-herramientas-de-emprendimiento-Impaktemos.jpg","type":"image\/jpeg"}],"author":"Impaktemos","twitter_card":"summary_large_image","twitter_creator":"@impaktemos","twitter_site":"@impaktemos","twitter_misc":{"Escrito por":"Impaktemos","Tiempo estimado de lectura":"1 minuto"},"schema":{"@context":"https:\/\/schema.org","@graph":[{"@type":"Article","@id":"https:\/\/impaktemos.org\/?p=1958#article","isPartOf":{"@id":"https:\/\/impaktemos.org\/?p=1958"},"author":{"name":"Impaktemos","@id":"https:\/\/impaktemos.org\/#\/schema\/person\/0e95c7ac7e6f5290ad1a12d9ee59ce8e"},"headline":"Formaci\u00f3n en habilidades personales y herramientas de emprendimiento","datePublished":"2021-02-09T09:00:44+00:00","dateModified":"2023-05-31T13:08:29+00:00","mainEntityOfPage":{"@id":"https:\/\/impaktemos.org\/?p=1958"},"wordCount":53,"publisher":{"@id":"https:\/\/impaktemos.org\/#organization"},"image":{"@id":"https:\/\/impaktemos.org\/?p=1958#primaryimage"},"thumbnailUrl":"https:\/\/impaktemos.org\/wp-content\/uploads\/2021\/02\/Noticia-Formacion-en-habilidades-personales-y-herramientas-de-emprendimiento-Impaktemos.jpg","articleSection":["Noticias"],"inLanguage":"es"},{"@type":"WebPage","@id":"https:\/\/impaktemos.org\/?p=1958","url":"https:\/\/impaktemos.org\/?p=1958","name":"Programa de Acompa\u00f1amiento para Emprendedoras - Impaktemos","isPartOf":{"@id":"https:\/\/impaktemos.org\/#website"},"primaryImageOfPage":{"@id":"https:\/\/impaktemos.org\/?p=1958#primaryimage"},"image":{"@id":"https:\/\/impaktemos.org\/?p=1958#primaryimage"},"thumbnailUrl":"https:\/\/impaktemos.org\/wp-content\/uploads\/2021\/02\/Noticia-Formacion-en-habilidades-personales-y-herramientas-de-emprendimiento-Impaktemos.jpg","datePublished":"2021-02-09T09:00:44+00:00","dateModified":"2023-05-31T13:08:29+00:00","description":"CEFIM present\u00f3 el Programa de Acompa\u00f1amiento para Emprendedoras en su modalidad virtual con una duraci\u00f3n de 16 semanas...","breadcrumb":{"@id":"https:\/\/impaktemos.org\/?p=1958#breadcrumb"},"inLanguage":"es","potentialAction":[{"@type":"ReadAction","target":["https:\/\/impaktemos.org\/?p=1958"]}]},{"@type":"ImageObject","inLanguage":"es","@id":"https:\/\/impaktemos.org\/?p=1958#primaryimage","url":"https:\/\/impaktemos.org\/wp-content\/uploads\/2021\/02\/Noticia-Formacion-en-habilidades-personales-y-herramientas-de-emprendimiento-Impaktemos.jpg","contentUrl":"https:\/\/impaktemos.org\/wp-content\/uploads\/2021\/02\/Noticia-Formacion-en-habilidades-personales-y-herramientas-de-emprendimiento-Impaktemos.jpg","width":821,"height":481,"caption":"Programa de Acompa\u00f1amiento"},{"@type":"BreadcrumbList","@id":"https:\/\/impaktemos.org\/?p=1958#breadcrumb","itemListElement":[{"@type":"ListItem","position":1,"name":"Home","item":"https:\/\/impaktemos.org\/"},{"@type":"ListItem","position":2,"name":"Formaci\u00f3n en habilidades personales y herramientas de emprendimiento"}]},{"@type":"WebSite","@id":"https:\/\/impaktemos.org\/#website","url":"https:\/\/impaktemos.org\/","name":"Impaktemos","description":"My WordPress Blog","publisher":{"@id":"https:\/\/impaktemos.org\/#organization"},"potentialAction":[{"@type":"SearchAction","target":{"@type":"EntryPoint","urlTemplate":"https:\/\/impaktemos.org\/?s={search_term_string}"},"query-input":{"@type":"PropertyValueSpecification","valueRequired":true,"valueName":"search_term_string"}}],"inLanguage":"es"},{"@type":"Organization","@id":"https:\/\/impaktemos.org\/#organization","name":"Impaktemos","url":"https:\/\/impaktemos.org\/","logo":{"@type":"ImageObject","inLanguage":"es","@id":"https:\/\/impaktemos.org\/#\/schema\/logo\/image\/","url":"http:\/\/170.100.10.5\/wordpress\/wp-content\/uploads\/2021\/11\/Logo_impaktemos.png","contentUrl":"http:\/\/170.100.10.5\/wordpress\/wp-content\/uploads\/2021\/11\/Logo_impaktemos.png","width":198,"height":59,"caption":"Impaktemos"},"image":{"@id":"https:\/\/impaktemos.org\/#\/schema\/logo\/image\/"},"sameAs":["https:\/\/www.facebook.com\/impaktemos\/","https:\/\/x.com\/impaktemos","https:\/\/www.instagram.com\/impaktemos\/","https:\/\/www.youtube.com\/channel\/UCr4_KQ1DTZ3q-ZnWZ4lT-Xw"]},{"@type":"Person","@id":"https:\/\/impaktemos.org\/#\/schema\/person\/0e95c7ac7e6f5290ad1a12d9ee59ce8e","name":"Impaktemos","image":{"@type":"ImageObject","inLanguage":"es","@id":"https:\/\/secure.gravatar.com\/avatar\/2a3c0ee8f2f6c97267454894cddecc0ec5ef87b3335edd07be600d135fcb215d?s=96&d=mm&r=g","url":"https:\/\/secure.gravatar.com\/avatar\/2a3c0ee8f2f6c97267454894cddecc0ec5ef87b3335edd07be600d135fcb215d?s=96&d=mm&r=g","contentUrl":"https:\/\/secure.gravatar.com\/avatar\/2a3c0ee8f2f6c97267454894cddecc0ec5ef87b3335edd07be600d135fcb215d?s=96&d=mm&r=g","caption":"Impaktemos"},"url":"https:\/\/impaktemos.org\/?author=5"}]}},"_links":{"self":[{"href":"https:\/\/impaktemos.org\/index.php?rest_route=\/wp\/v2\/posts\/1958","targetHints":{"allow":["GET"]}}],"collection":[{"href":"https:\/\/impaktemos.org\/index.php?rest_route=\/wp\/v2\/posts"}],"about":[{"href":"https:\/\/impaktemos.org\/index.php?rest_route=\/wp\/v2\/types\/post"}],"author":[{"embeddable":true,"href":"https:\/\/impaktemos.org\/index.php?rest_route=\/wp\/v2\/users\/5"}],"replies":[{"embeddable":true,"href":"https:\/\/impaktemos.org\/index.php?rest_route=%2Fwp%2Fv2%2Fcomments&post=1958"}],"version-history":[{"count":2,"href":"https:\/\/impaktemos.org\/index.php?rest_route=\/wp\/v2\/posts\/1958\/revisions"}],"predecessor-version":[{"id":1961,"href":"https:\/\/impaktemos.org\/index.php?rest_route=\/wp\/v2\/posts\/1958\/revisions\/1961"}],"wp:featuredmedia":[{"embeddable":true,"href":"https:\/\/impaktemos.org\/index.php?rest_route=\/wp\/v2\/media\/1957"}],"wp:attachment":[{"href":"https:\/\/impaktemos.org\/index.php?rest_route=%2Fwp%2Fv2%2Fmedia&parent=1958"}],"wp:term":[{"taxonomy":"category","embeddable":true,"href":"https:\/\/impaktemos.org\/index.php?rest_route=%2Fwp%2Fv2%2Fcategories&post=1958"},{"taxonomy":"post_tag","embeddable":true,"href":"https:\/\/impaktemos.org\/index.php?rest_route=%2Fwp%2Fv2%2Ftags&post=1958"}],"curies":[{"name":"wp","href":"https:\/\/api.w.org\/{rel}","templated":true}]}}