{"id":1953,"date":"2021-06-17T14:27:34","date_gmt":"2021-06-17T14:27:34","guid":{"rendered":"http:\/\/170.100.10.5\/wordpress\/?p=1953"},"modified":"2023-05-31T13:08:28","modified_gmt":"2023-05-31T13:08:28","slug":"cefim-solidaridad-con-mujeres-y-madres-de-carabobo","status":"publish","type":"post","link":"https:\/\/impaktemos.org\/?p=1953","title":{"rendered":"CEFIM-Solidaridad con Mujeres y Madres de Carabobo"},"content":{"rendered":"<p class=\"has-text-color\">\u201c<strong>\u00a1Hoy Dios me demostr\u00f3 que s\u00ed existe!\u201d, estas fueron las palabras de Ana al recibir una canastilla llena de productos para su reci\u00e9n nacido.&nbsp;<\/strong><\/p>\n<p>Se encontraba en situaci\u00f3n de calle y el personal del Hospital Materno Infantil Jos\u00e9 Mar\u00eda Vargas (conocido como la Maternidad del Sur) en Valencia, decidi\u00f3 mantenerla en las instalaciones algunos d\u00edas m\u00e1s luego de dar a luz, &nbsp;para protegerla y a su beb\u00e9. En todo ese tiempo, lograron cubrir las necesidades de ambas gracias a la solidaridad de otras madres que se encontraban en la Maternidad y del personal sanitario del lugar.<\/p>\n<p class=\"has-text-color\"><strong>Durante el mes de mayo, dedicado a las mam\u00e1s, el proyecto CEFIM, creado para formar y apoyar a las mujeres del Estado Carabobo y apadrinado por el Colegio Santa Cruz de Valencia, se organiz\u00f3 para contribuir con las necesidades de las madres de la Maternidad del Sur, desarrollando una campa\u00f1a de recolecci\u00f3n de art\u00edculos para armar canastillas; as\u00ed se fueron recibiendo donativos de alumnas y familiares.&nbsp;<\/strong><\/p>\n<p>Al finalizar la campa\u00f1a, cada sal\u00f3n del Colegio entreg\u00f3 una cesta repleta de art\u00edculos para la atenci\u00f3n de los reci\u00e9n nacidos.<\/p>\n<p class=\"has-text-color\"><strong>CEFIM en alianza con la Fundaci\u00f3n \u201cSanta en las Calles Valencia\u201d organiz\u00f3 la entrega de las canastillas el d\u00eda 4 de junio del corriente a\u00f1o. Un total de 10 canastillas llegaron a manos de las madres m\u00e1s necesitadas, quienes pudieron contar con ropa, biberones, leche, pa\u00f1ales y art\u00edculos de aseo. Fue verdaderamente un d\u00eda inolvidable para ellas.&nbsp;<\/strong><\/p>\n<p>Un impacto no tiene porqu\u00e9 ser enorme para producir un cambio. Con cada donaci\u00f3n realizada por las familias para armar las canastillas, se logr\u00f3 mejorar las vidas de muchas madres y sus beb\u00e9s en situaci\u00f3n de riesgo en Valencia.<\/p>\n","protected":false},"excerpt":{"rendered":"<p>\u201c\u00a1Hoy Dios me demostr\u00f3 que s\u00ed existe!\u201d, estas fueron las palabras de Ana al recibir una canastilla llena de productos para su reci\u00e9n nacido.&nbsp; Se encontraba en situaci\u00f3n de calle y el personal del Hospital Materno Infantil Jos\u00e9 Mar\u00eda Vargas (conocido como la Maternidad del Sur) en Valencia, decidi\u00f3 mantenerla en las instalaciones algunos d\u00edas [&hellip;]<\/p>\n","protected":false},"author":5,"featured_media":1944,"comment_status":"closed","ping_status":"open","sticky":false,"template":"","format":"standard","meta":{"site-sidebar-layout":"default","site-content-layout":"default","ast-site-content-layout":"","site-content-style":"default","site-sidebar-style":"default","ast-global-header-display":"","ast-banner-title-visibility":"","ast-main-header-display":"","ast-hfb-above-header-display":"","ast-hfb-below-header-display":"","ast-hfb-mobile-header-display":"","site-post-title":"","ast-breadcrumbs-content":"","ast-featured-img":"","footer-sml-layout":"","theme-transparent-header-meta":"default","adv-header-id-meta":"","stick-header-meta":"","header-above-stick-meta":"","header-main-stick-meta":"","header-below-stick-meta":"","astra-migrate-meta-layouts":"default","ast-page-background-enabled":"default","ast-page-background-meta":{"desktop":{"background-color":"","background-image":"","background-repeat":"repeat","background-position":"center center","background-size":"auto","background-attachment":"scroll","background-type":"","background-media":"","overlay-type":"","overlay-color":"","overlay-opacity":"","overlay-gradient":""},"tablet":{"background-color":"","background-image":"","background-repeat":"repeat","background-position":"center center","background-size":"auto","background-attachment":"scroll","background-type":"","background-media":"","overlay-type":"","overlay-color":"","overlay-opacity":"","overlay-gradient":""},"mobile":{"background-color":"","background-image":"","background-repeat":"repeat","background-position":"center center","background-size":"auto","background-attachment":"scroll","background-type":"","background-media":"","overlay-type":"","overlay-color":"","overlay-opacity":"","overlay-gradient":""}},"ast-content-background-meta":{"desktop":{"background-color":"var(--ast-global-color-5)","background-image":"","background-repeat":"repeat","background-position":"center center","background-size":"auto","background-attachment":"scroll","background-type":"","background-media":"","overlay-type":"","overlay-color":"","overlay-opacity":"","overlay-gradient":""},"tablet":{"background-color":"var(--ast-global-color-5)","background-image":"","background-repeat":"repeat","background-position":"center center","background-size":"auto","background-attachment":"scroll","background-type":"","background-media":"","overlay-type":"","overlay-color":"","overlay-opacity":"","overlay-gradient":""},"mobile":{"background-color":"var(--ast-global-color-5)","background-image":"","background-repeat":"repeat","background-position":"center center","background-size":"auto","background-attachment":"scroll","background-type":"","background-media":"","overlay-type":"","overlay-color":"","overlay-opacity":"","overlay-gradient":""}},"_joinchat":[],"footnotes":""},"categories":[11],"tags":[],"class_list":["post-1953","post","type-post","status-publish","format-standard","has-post-thumbnail","hentry","category-noticias"],"yoast_head":"<!-- This site is optimized with the Yoast SEO plugin v27.5 - https:\/\/yoast.com\/product\/yoast-seo-wordpress\/ -->\n<title>CEFIM-Solidaridad con Mujeres y Madres de Carabobo - Impaktemos<\/title>\n<meta name=\"description\" content=\"CEFIM en alianza con la Fundaci\u00f3n \u201cSanta en las Calles Valencia\u201d entrega canastillas en Solidaridad con Mujeres y Madres de Carabobo.\" \/>\n<meta name=\"robots\" content=\"index, follow, max-snippet:-1, max-image-preview:large, max-video-preview:-1\" \/>\n<link rel=\"canonical\" href=\"https:\/\/impaktemos.org\/?p=1953\" \/>\n<meta property=\"og:locale\" content=\"es_ES\" \/>\n<meta property=\"og:type\" content=\"article\" \/>\n<meta property=\"og:title\" content=\"CEFIM-Solidaridad con Mujeres y Madres de Carabobo - Impaktemos\" \/>\n<meta property=\"og:description\" content=\"CEFIM en alianza con la Fundaci\u00f3n \u201cSanta en las Calles Valencia\u201d entrega canastillas en Solidaridad con Mujeres y Madres de Carabobo.\" \/>\n<meta property=\"og:url\" content=\"https:\/\/impaktemos.org\/?p=1953\" \/>\n<meta property=\"og:site_name\" content=\"Impaktemos\" \/>\n<meta property=\"article:publisher\" content=\"https:\/\/www.facebook.com\/impaktemos\/\" \/>\n<meta property=\"article:published_time\" content=\"2021-06-17T14:27:34+00:00\" \/>\n<meta property=\"article:modified_time\" content=\"2023-05-31T13:08:28+00:00\" \/>\n<meta property=\"og:image\" content=\"https:\/\/impaktemos.org\/wp-content\/uploads\/2021\/06\/Noticia-CEFIM-Solidaridad-con-Mujeres-y-Madres-de-Carabobo-Impaktemos.jpg\" \/>\n\t<meta property=\"og:image:width\" content=\"821\" \/>\n\t<meta property=\"og:image:height\" content=\"481\" \/>\n\t<meta property=\"og:image:type\" content=\"image\/jpeg\" \/>\n<meta name=\"author\" content=\"Impaktemos\" \/>\n<meta name=\"twitter:card\" content=\"summary_large_image\" \/>\n<meta name=\"twitter:creator\" content=\"@impaktemos\" \/>\n<meta name=\"twitter:site\" content=\"@impaktemos\" \/>\n<meta name=\"twitter:label1\" content=\"Escrito por\" \/>\n\t<meta name=\"twitter:data1\" content=\"Impaktemos\" \/>\n\t<meta name=\"twitter:label2\" content=\"Tiempo estimado de lectura\" \/>\n\t<meta name=\"twitter:data2\" content=\"2 minutos\" \/>\n<script type=\"application\/ld+json\" class=\"yoast-schema-graph\">{\"@context\":\"https:\\\/\\\/schema.org\",\"@graph\":[{\"@type\":\"Article\",\"@id\":\"https:\\\/\\\/impaktemos.org\\\/?p=1953#article\",\"isPartOf\":{\"@id\":\"https:\\\/\\\/impaktemos.org\\\/?p=1953\"},\"author\":{\"name\":\"Impaktemos\",\"@id\":\"https:\\\/\\\/impaktemos.org\\\/#\\\/schema\\\/person\\\/0e95c7ac7e6f5290ad1a12d9ee59ce8e\"},\"headline\":\"CEFIM-Solidaridad con Mujeres y Madres de Carabobo\",\"datePublished\":\"2021-06-17T14:27:34+00:00\",\"dateModified\":\"2023-05-31T13:08:28+00:00\",\"mainEntityOfPage\":{\"@id\":\"https:\\\/\\\/impaktemos.org\\\/?p=1953\"},\"wordCount\":312,\"publisher\":{\"@id\":\"https:\\\/\\\/impaktemos.org\\\/#organization\"},\"image\":{\"@id\":\"https:\\\/\\\/impaktemos.org\\\/?p=1953#primaryimage\"},\"thumbnailUrl\":\"https:\\\/\\\/impaktemos.org\\\/wp-content\\\/uploads\\\/2021\\\/06\\\/Noticia-CEFIM-Solidaridad-con-Mujeres-y-Madres-de-Carabobo-Impaktemos.jpg\",\"articleSection\":[\"Noticias\"],\"inLanguage\":\"es\"},{\"@type\":\"WebPage\",\"@id\":\"https:\\\/\\\/impaktemos.org\\\/?p=1953\",\"url\":\"https:\\\/\\\/impaktemos.org\\\/?p=1953\",\"name\":\"CEFIM-Solidaridad con Mujeres y Madres de Carabobo - Impaktemos\",\"isPartOf\":{\"@id\":\"https:\\\/\\\/impaktemos.org\\\/#website\"},\"primaryImageOfPage\":{\"@id\":\"https:\\\/\\\/impaktemos.org\\\/?p=1953#primaryimage\"},\"image\":{\"@id\":\"https:\\\/\\\/impaktemos.org\\\/?p=1953#primaryimage\"},\"thumbnailUrl\":\"https:\\\/\\\/impaktemos.org\\\/wp-content\\\/uploads\\\/2021\\\/06\\\/Noticia-CEFIM-Solidaridad-con-Mujeres-y-Madres-de-Carabobo-Impaktemos.jpg\",\"datePublished\":\"2021-06-17T14:27:34+00:00\",\"dateModified\":\"2023-05-31T13:08:28+00:00\",\"description\":\"CEFIM en alianza con la Fundaci\u00f3n \u201cSanta en las Calles Valencia\u201d entrega canastillas en Solidaridad con Mujeres y Madres de Carabobo.\",\"breadcrumb\":{\"@id\":\"https:\\\/\\\/impaktemos.org\\\/?p=1953#breadcrumb\"},\"inLanguage\":\"es\",\"potentialAction\":[{\"@type\":\"ReadAction\",\"target\":[\"https:\\\/\\\/impaktemos.org\\\/?p=1953\"]}]},{\"@type\":\"ImageObject\",\"inLanguage\":\"es\",\"@id\":\"https:\\\/\\\/impaktemos.org\\\/?p=1953#primaryimage\",\"url\":\"https:\\\/\\\/impaktemos.org\\\/wp-content\\\/uploads\\\/2021\\\/06\\\/Noticia-CEFIM-Solidaridad-con-Mujeres-y-Madres-de-Carabobo-Impaktemos.jpg\",\"contentUrl\":\"https:\\\/\\\/impaktemos.org\\\/wp-content\\\/uploads\\\/2021\\\/06\\\/Noticia-CEFIM-Solidaridad-con-Mujeres-y-Madres-de-Carabobo-Impaktemos.jpg\",\"width\":821,\"height\":481,\"caption\":\"Solidaridad con Mujeres\"},{\"@type\":\"BreadcrumbList\",\"@id\":\"https:\\\/\\\/impaktemos.org\\\/?p=1953#breadcrumb\",\"itemListElement\":[{\"@type\":\"ListItem\",\"position\":1,\"name\":\"Home\",\"item\":\"https:\\\/\\\/impaktemos.org\\\/\"},{\"@type\":\"ListItem\",\"position\":2,\"name\":\"CEFIM-Solidaridad con Mujeres y Madres de Carabobo\"}]},{\"@type\":\"WebSite\",\"@id\":\"https:\\\/\\\/impaktemos.org\\\/#website\",\"url\":\"https:\\\/\\\/impaktemos.org\\\/\",\"name\":\"Impaktemos\",\"description\":\"My WordPress Blog\",\"publisher\":{\"@id\":\"https:\\\/\\\/impaktemos.org\\\/#organization\"},\"potentialAction\":[{\"@type\":\"SearchAction\",\"target\":{\"@type\":\"EntryPoint\",\"urlTemplate\":\"https:\\\/\\\/impaktemos.org\\\/?s={search_term_string}\"},\"query-input\":{\"@type\":\"PropertyValueSpecification\",\"valueRequired\":true,\"valueName\":\"search_term_string\"}}],\"inLanguage\":\"es\"},{\"@type\":\"Organization\",\"@id\":\"https:\\\/\\\/impaktemos.org\\\/#organization\",\"name\":\"Impaktemos\",\"url\":\"https:\\\/\\\/impaktemos.org\\\/\",\"logo\":{\"@type\":\"ImageObject\",\"inLanguage\":\"es\",\"@id\":\"https:\\\/\\\/impaktemos.org\\\/#\\\/schema\\\/logo\\\/image\\\/\",\"url\":\"http:\\\/\\\/170.100.10.5\\\/wordpress\\\/wp-content\\\/uploads\\\/2021\\\/11\\\/Logo_impaktemos.png\",\"contentUrl\":\"http:\\\/\\\/170.100.10.5\\\/wordpress\\\/wp-content\\\/uploads\\\/2021\\\/11\\\/Logo_impaktemos.png\",\"width\":198,\"height\":59,\"caption\":\"Impaktemos\"},\"image\":{\"@id\":\"https:\\\/\\\/impaktemos.org\\\/#\\\/schema\\\/logo\\\/image\\\/\"},\"sameAs\":[\"https:\\\/\\\/www.facebook.com\\\/impaktemos\\\/\",\"https:\\\/\\\/x.com\\\/impaktemos\",\"https:\\\/\\\/www.instagram.com\\\/impaktemos\\\/\",\"https:\\\/\\\/www.youtube.com\\\/channel\\\/UCr4_KQ1DTZ3q-ZnWZ4lT-Xw\"]},{\"@type\":\"Person\",\"@id\":\"https:\\\/\\\/impaktemos.org\\\/#\\\/schema\\\/person\\\/0e95c7ac7e6f5290ad1a12d9ee59ce8e\",\"name\":\"Impaktemos\",\"image\":{\"@type\":\"ImageObject\",\"inLanguage\":\"es\",\"@id\":\"https:\\\/\\\/secure.gravatar.com\\\/avatar\\\/2a3c0ee8f2f6c97267454894cddecc0ec5ef87b3335edd07be600d135fcb215d?s=96&d=mm&r=g\",\"url\":\"https:\\\/\\\/secure.gravatar.com\\\/avatar\\\/2a3c0ee8f2f6c97267454894cddecc0ec5ef87b3335edd07be600d135fcb215d?s=96&d=mm&r=g\",\"contentUrl\":\"https:\\\/\\\/secure.gravatar.com\\\/avatar\\\/2a3c0ee8f2f6c97267454894cddecc0ec5ef87b3335edd07be600d135fcb215d?s=96&d=mm&r=g\",\"caption\":\"Impaktemos\"},\"url\":\"https:\\\/\\\/impaktemos.org\\\/?author=5\"}]}<\/script>\n<!-- \/ Yoast SEO plugin. -->","yoast_head_json":{"title":"CEFIM-Solidaridad con Mujeres y Madres de Carabobo - Impaktemos","description":"CEFIM en alianza con la Fundaci\u00f3n \u201cSanta en las Calles Valencia\u201d entrega canastillas en Solidaridad con Mujeres y Madres de Carabobo.","robots":{"index":"index","follow":"follow","max-snippet":"max-snippet:-1","max-image-preview":"max-image-preview:large","max-video-preview":"max-video-preview:-1"},"canonical":"https:\/\/impaktemos.org\/?p=1953","og_locale":"es_ES","og_type":"article","og_title":"CEFIM-Solidaridad con Mujeres y Madres de Carabobo - Impaktemos","og_description":"CEFIM en alianza con la Fundaci\u00f3n \u201cSanta en las Calles Valencia\u201d entrega canastillas en Solidaridad con Mujeres y Madres de Carabobo.","og_url":"https:\/\/impaktemos.org\/?p=1953","og_site_name":"Impaktemos","article_publisher":"https:\/\/www.facebook.com\/impaktemos\/","article_published_time":"2021-06-17T14:27:34+00:00","article_modified_time":"2023-05-31T13:08:28+00:00","og_image":[{"width":821,"height":481,"url":"https:\/\/impaktemos.org\/wp-content\/uploads\/2021\/06\/Noticia-CEFIM-Solidaridad-con-Mujeres-y-Madres-de-Carabobo-Impaktemos.jpg","type":"image\/jpeg"}],"author":"Impaktemos","twitter_card":"summary_large_image","twitter_creator":"@impaktemos","twitter_site":"@impaktemos","twitter_misc":{"Escrito por":"Impaktemos","Tiempo estimado de lectura":"2 minutos"},"schema":{"@context":"https:\/\/schema.org","@graph":[{"@type":"Article","@id":"https:\/\/impaktemos.org\/?p=1953#article","isPartOf":{"@id":"https:\/\/impaktemos.org\/?p=1953"},"author":{"name":"Impaktemos","@id":"https:\/\/impaktemos.org\/#\/schema\/person\/0e95c7ac7e6f5290ad1a12d9ee59ce8e"},"headline":"CEFIM-Solidaridad con Mujeres y Madres de Carabobo","datePublished":"2021-06-17T14:27:34+00:00","dateModified":"2023-05-31T13:08:28+00:00","mainEntityOfPage":{"@id":"https:\/\/impaktemos.org\/?p=1953"},"wordCount":312,"publisher":{"@id":"https:\/\/impaktemos.org\/#organization"},"image":{"@id":"https:\/\/impaktemos.org\/?p=1953#primaryimage"},"thumbnailUrl":"https:\/\/impaktemos.org\/wp-content\/uploads\/2021\/06\/Noticia-CEFIM-Solidaridad-con-Mujeres-y-Madres-de-Carabobo-Impaktemos.jpg","articleSection":["Noticias"],"inLanguage":"es"},{"@type":"WebPage","@id":"https:\/\/impaktemos.org\/?p=1953","url":"https:\/\/impaktemos.org\/?p=1953","name":"CEFIM-Solidaridad con Mujeres y Madres de Carabobo - Impaktemos","isPartOf":{"@id":"https:\/\/impaktemos.org\/#website"},"primaryImageOfPage":{"@id":"https:\/\/impaktemos.org\/?p=1953#primaryimage"},"image":{"@id":"https:\/\/impaktemos.org\/?p=1953#primaryimage"},"thumbnailUrl":"https:\/\/impaktemos.org\/wp-content\/uploads\/2021\/06\/Noticia-CEFIM-Solidaridad-con-Mujeres-y-Madres-de-Carabobo-Impaktemos.jpg","datePublished":"2021-06-17T14:27:34+00:00","dateModified":"2023-05-31T13:08:28+00:00","description":"CEFIM en alianza con la Fundaci\u00f3n \u201cSanta en las Calles Valencia\u201d entrega canastillas en Solidaridad con Mujeres y Madres de Carabobo.","breadcrumb":{"@id":"https:\/\/impaktemos.org\/?p=1953#breadcrumb"},"inLanguage":"es","potentialAction":[{"@type":"ReadAction","target":["https:\/\/impaktemos.org\/?p=1953"]}]},{"@type":"ImageObject","inLanguage":"es","@id":"https:\/\/impaktemos.org\/?p=1953#primaryimage","url":"https:\/\/impaktemos.org\/wp-content\/uploads\/2021\/06\/Noticia-CEFIM-Solidaridad-con-Mujeres-y-Madres-de-Carabobo-Impaktemos.jpg","contentUrl":"https:\/\/impaktemos.org\/wp-content\/uploads\/2021\/06\/Noticia-CEFIM-Solidaridad-con-Mujeres-y-Madres-de-Carabobo-Impaktemos.jpg","width":821,"height":481,"caption":"Solidaridad con Mujeres"},{"@type":"BreadcrumbList","@id":"https:\/\/impaktemos.org\/?p=1953#breadcrumb","itemListElement":[{"@type":"ListItem","position":1,"name":"Home","item":"https:\/\/impaktemos.org\/"},{"@type":"ListItem","position":2,"name":"CEFIM-Solidaridad con Mujeres y Madres de Carabobo"}]},{"@type":"WebSite","@id":"https:\/\/impaktemos.org\/#website","url":"https:\/\/impaktemos.org\/","name":"Impaktemos","description":"My WordPress Blog","publisher":{"@id":"https:\/\/impaktemos.org\/#organization"},"potentialAction":[{"@type":"SearchAction","target":{"@type":"EntryPoint","urlTemplate":"https:\/\/impaktemos.org\/?s={search_term_string}"},"query-input":{"@type":"PropertyValueSpecification","valueRequired":true,"valueName":"search_term_string"}}],"inLanguage":"es"},{"@type":"Organization","@id":"https:\/\/impaktemos.org\/#organization","name":"Impaktemos","url":"https:\/\/impaktemos.org\/","logo":{"@type":"ImageObject","inLanguage":"es","@id":"https:\/\/impaktemos.org\/#\/schema\/logo\/image\/","url":"http:\/\/170.100.10.5\/wordpress\/wp-content\/uploads\/2021\/11\/Logo_impaktemos.png","contentUrl":"http:\/\/170.100.10.5\/wordpress\/wp-content\/uploads\/2021\/11\/Logo_impaktemos.png","width":198,"height":59,"caption":"Impaktemos"},"image":{"@id":"https:\/\/impaktemos.org\/#\/schema\/logo\/image\/"},"sameAs":["https:\/\/www.facebook.com\/impaktemos\/","https:\/\/x.com\/impaktemos","https:\/\/www.instagram.com\/impaktemos\/","https:\/\/www.youtube.com\/channel\/UCr4_KQ1DTZ3q-ZnWZ4lT-Xw"]},{"@type":"Person","@id":"https:\/\/impaktemos.org\/#\/schema\/person\/0e95c7ac7e6f5290ad1a12d9ee59ce8e","name":"Impaktemos","image":{"@type":"ImageObject","inLanguage":"es","@id":"https:\/\/secure.gravatar.com\/avatar\/2a3c0ee8f2f6c97267454894cddecc0ec5ef87b3335edd07be600d135fcb215d?s=96&d=mm&r=g","url":"https:\/\/secure.gravatar.com\/avatar\/2a3c0ee8f2f6c97267454894cddecc0ec5ef87b3335edd07be600d135fcb215d?s=96&d=mm&r=g","contentUrl":"https:\/\/secure.gravatar.com\/avatar\/2a3c0ee8f2f6c97267454894cddecc0ec5ef87b3335edd07be600d135fcb215d?s=96&d=mm&r=g","caption":"Impaktemos"},"url":"https:\/\/impaktemos.org\/?author=5"}]}},"_links":{"self":[{"href":"https:\/\/impaktemos.org\/index.php?rest_route=\/wp\/v2\/posts\/1953","targetHints":{"allow":["GET"]}}],"collection":[{"href":"https:\/\/impaktemos.org\/index.php?rest_route=\/wp\/v2\/posts"}],"about":[{"href":"https:\/\/impaktemos.org\/index.php?rest_route=\/wp\/v2\/types\/post"}],"author":[{"embeddable":true,"href":"https:\/\/impaktemos.org\/index.php?rest_route=\/wp\/v2\/users\/5"}],"replies":[{"embeddable":true,"href":"https:\/\/impaktemos.org\/index.php?rest_route=%2Fwp%2Fv2%2Fcomments&post=1953"}],"version-history":[{"count":2,"href":"https:\/\/impaktemos.org\/index.php?rest_route=\/wp\/v2\/posts\/1953\/revisions"}],"predecessor-version":[{"id":1956,"href":"https:\/\/impaktemos.org\/index.php?rest_route=\/wp\/v2\/posts\/1953\/revisions\/1956"}],"wp:featuredmedia":[{"embeddable":true,"href":"https:\/\/impaktemos.org\/index.php?rest_route=\/wp\/v2\/media\/1944"}],"wp:attachment":[{"href":"https:\/\/impaktemos.org\/index.php?rest_route=%2Fwp%2Fv2%2Fmedia&parent=1953"}],"wp:term":[{"taxonomy":"category","embeddable":true,"href":"https:\/\/impaktemos.org\/index.php?rest_route=%2Fwp%2Fv2%2Fcategories&post=1953"},{"taxonomy":"post_tag","embeddable":true,"href":"https:\/\/impaktemos.org\/index.php?rest_route=%2Fwp%2Fv2%2Ftags&post=1953"}],"curies":[{"name":"wp","href":"https:\/\/api.w.org\/{rel}","templated":true}]}}