{"id":1477,"date":"2021-07-23T13:58:14","date_gmt":"2021-07-23T13:58:14","guid":{"rendered":"http:\/\/170.100.10.5\/wordpress\/?p=1477"},"modified":"2023-05-31T13:08:26","modified_gmt":"2023-05-31T13:08:26","slug":"visitando-a-los-ninos-de-corralito-en-su-dia","status":"publish","type":"post","link":"https:\/\/impaktemos.org\/?p=1477","title":{"rendered":"Visitando a los Ni\u00f1os de Corralito en su d\u00eda"},"content":{"rendered":"<div id='gallery-1' class='gallery galleryid-1477 gallery-columns-2 gallery-size-large'><figure class='gallery-item'>\n\t\t\t<div class='gallery-icon landscape'>\n\t\t\t\t<a href='https:\/\/impaktemos.org\/?attachment_id=1478'><img fetchpriority=\"high\" decoding=\"async\" width=\"1024\" height=\"768\" src=\"https:\/\/impaktemos.org\/wp-content\/uploads\/2021\/07\/WhatsApp-Image-2021-07-20-at-9.27.43-AM-1024x768.jpeg\" class=\"attachment-large size-large\" alt=\"\" srcset=\"https:\/\/impaktemos.org\/wp-content\/uploads\/2021\/07\/WhatsApp-Image-2021-07-20-at-9.27.43-AM-1024x768.jpeg 1024w, https:\/\/impaktemos.org\/wp-content\/uploads\/2021\/07\/WhatsApp-Image-2021-07-20-at-9.27.43-AM-300x225.jpeg 300w, https:\/\/impaktemos.org\/wp-content\/uploads\/2021\/07\/WhatsApp-Image-2021-07-20-at-9.27.43-AM-768x576.jpeg 768w, https:\/\/impaktemos.org\/wp-content\/uploads\/2021\/07\/WhatsApp-Image-2021-07-20-at-9.27.43-AM.jpeg 1080w\" sizes=\"(max-width: 1024px) 100vw, 1024px\" \/><\/a>\n\t\t\t<\/div><\/figure><figure class='gallery-item'>\n\t\t\t<div class='gallery-icon landscape'>\n\t\t\t\t<a href='https:\/\/impaktemos.org\/?attachment_id=1480'><img decoding=\"async\" width=\"1024\" height=\"768\" data-src=\"https:\/\/impaktemos.org\/wp-content\/uploads\/2021\/07\/WhatsApp-Image-2021-07-20-at-9.27.38-AM-1-1024x768.jpeg\" class=\"attachment-large size-large lazyload\" alt=\"\" data-srcset=\"https:\/\/impaktemos.org\/wp-content\/uploads\/2021\/07\/WhatsApp-Image-2021-07-20-at-9.27.38-AM-1-1024x768.jpeg 1024w, https:\/\/impaktemos.org\/wp-content\/uploads\/2021\/07\/WhatsApp-Image-2021-07-20-at-9.27.38-AM-1-300x225.jpeg 300w, https:\/\/impaktemos.org\/wp-content\/uploads\/2021\/07\/WhatsApp-Image-2021-07-20-at-9.27.38-AM-1-768x576.jpeg 768w, https:\/\/impaktemos.org\/wp-content\/uploads\/2021\/07\/WhatsApp-Image-2021-07-20-at-9.27.38-AM-1.jpeg 1080w\" data-sizes=\"(max-width: 1024px) 100vw, 1024px\" src=\"data:image\/svg+xml;base64,PHN2ZyB3aWR0aD0iMSIgaGVpZ2h0PSIxIiB4bWxucz0iaHR0cDovL3d3dy53My5vcmcvMjAwMC9zdmciPjwvc3ZnPg==\" style=\"--smush-placeholder-width: 1024px; --smush-placeholder-aspect-ratio: 1024\/768;\" \/><\/a>\n\t\t\t<\/div><\/figure><figure class='gallery-item'>\n\t\t\t<div class='gallery-icon portrait'>\n\t\t\t\t<a href='https:\/\/impaktemos.org\/?attachment_id=1479'><img decoding=\"async\" width=\"768\" height=\"1024\" data-src=\"https:\/\/impaktemos.org\/wp-content\/uploads\/2021\/07\/WhatsApp-Image-2021-07-20-at-9.27.41-AM-1-768x1024.jpeg\" class=\"attachment-large size-large lazyload\" alt=\"\" data-srcset=\"https:\/\/impaktemos.org\/wp-content\/uploads\/2021\/07\/WhatsApp-Image-2021-07-20-at-9.27.41-AM-1-768x1024.jpeg 768w, https:\/\/impaktemos.org\/wp-content\/uploads\/2021\/07\/WhatsApp-Image-2021-07-20-at-9.27.41-AM-1-225x300.jpeg 225w, https:\/\/impaktemos.org\/wp-content\/uploads\/2021\/07\/WhatsApp-Image-2021-07-20-at-9.27.41-AM-1.jpeg 810w\" data-sizes=\"(max-width: 768px) 100vw, 768px\" src=\"data:image\/svg+xml;base64,PHN2ZyB3aWR0aD0iMSIgaGVpZ2h0PSIxIiB4bWxucz0iaHR0cDovL3d3dy53My5vcmcvMjAwMC9zdmciPjwvc3ZnPg==\" style=\"--smush-placeholder-width: 768px; --smush-placeholder-aspect-ratio: 768\/1024;\" \/><\/a>\n\t\t\t<\/div><\/figure><figure class='gallery-item'>\n\t\t\t<div class='gallery-icon portrait'>\n\t\t\t\t<a href='https:\/\/impaktemos.org\/?attachment_id=1482'><img decoding=\"async\" width=\"768\" height=\"1024\" data-src=\"https:\/\/impaktemos.org\/wp-content\/uploads\/2021\/07\/WhatsApp-Image-2021-07-20-at-9.27.41-AM-768x1024.jpeg\" class=\"attachment-large size-large lazyload\" alt=\"\" data-srcset=\"https:\/\/impaktemos.org\/wp-content\/uploads\/2021\/07\/WhatsApp-Image-2021-07-20-at-9.27.41-AM-768x1024.jpeg 768w, https:\/\/impaktemos.org\/wp-content\/uploads\/2021\/07\/WhatsApp-Image-2021-07-20-at-9.27.41-AM-225x300.jpeg 225w, https:\/\/impaktemos.org\/wp-content\/uploads\/2021\/07\/WhatsApp-Image-2021-07-20-at-9.27.41-AM.jpeg 810w\" data-sizes=\"(max-width: 768px) 100vw, 768px\" src=\"data:image\/svg+xml;base64,PHN2ZyB3aWR0aD0iMSIgaGVpZ2h0PSIxIiB4bWxucz0iaHR0cDovL3d3dy53My5vcmcvMjAwMC9zdmciPjwvc3ZnPg==\" style=\"--smush-placeholder-width: 768px; --smush-placeholder-aspect-ratio: 768\/1024;\" \/><\/a>\n\t\t\t<\/div><\/figure>\n\t\t<\/div>\n\n<p>El s\u00e1bado pasado, 17 de julio se celebr\u00f3 en Venezuela el D\u00eda del Ni\u00f1o y en Plataforma no quisimos dejar pasar la oportunidad de saludar a los ni\u00f1os del Sector Corralito del Estado Miranda.<\/p>\n<p>Con un grupo de voluntarias del Colegio Canigu\u00e1,\u00a0 fuimos desde temprano con la intenci\u00f3n de acompa\u00f1ar a los ni\u00f1os en su d\u00eda, aprovechando el momento para actualizar el censo de las personas que hay en la comunidad.<\/p>\n<p>M\u00e1s de 50 familias viven en este lugar desfavorecido: adultos mayores, j\u00f3venes y ni\u00f1os. Visitamos cada casa, saludando a cada ni\u00f1o y hablando con cada familia sobre sus necesidades.<\/p>\n<p>Una vez culminada la jornada, entregamos juguetes donados por nuestras familias del Colegio Canigu\u00e1 para repartir y compartir. La alegr\u00eda de cada uno y las muestras de agradecimiento nos motivan a continuar realizando esta labor.<\/p>\n<p>Cada vez sumamos m\u00e1s voluntades a nuestro trabajo por la comunidad. La caridad nos hace m\u00e1s humanos y fortalece nuestro esp\u00edritu. Corralito y Venezuela nos necesitan.<\/p>\n","protected":false},"excerpt":{"rendered":"<p>El s\u00e1bado pasado, 17 de julio se celebr\u00f3 en Venezuela el D\u00eda del Ni\u00f1o y en Plataforma no quisimos dejar pasar la oportunidad de saludar a los ni\u00f1os del Sector Corralito del Estado Miranda. Con un grupo de voluntarias del Colegio Canigu\u00e1,\u00a0 fuimos desde temprano con la intenci\u00f3n de acompa\u00f1ar a los ni\u00f1os en su [&hellip;]<\/p>\n","protected":false},"author":5,"featured_media":1940,"comment_status":"closed","ping_status":"open","sticky":true,"template":"","format":"standard","meta":{"site-sidebar-layout":"default","site-content-layout":"default","ast-site-content-layout":"","site-content-style":"default","site-sidebar-style":"default","ast-global-header-display":"","ast-banner-title-visibility":"","ast-main-header-display":"","ast-hfb-above-header-display":"","ast-hfb-below-header-display":"","ast-hfb-mobile-header-display":"","site-post-title":"","ast-breadcrumbs-content":"","ast-featured-img":"","footer-sml-layout":"","theme-transparent-header-meta":"default","adv-header-id-meta":"","stick-header-meta":"","header-above-stick-meta":"","header-main-stick-meta":"","header-below-stick-meta":"","astra-migrate-meta-layouts":"default","ast-page-background-enabled":"default","ast-page-background-meta":{"desktop":{"background-color":"","background-image":"","background-repeat":"repeat","background-position":"center center","background-size":"auto","background-attachment":"scroll","background-type":"","background-media":"","overlay-type":"","overlay-color":"","overlay-opacity":"","overlay-gradient":""},"tablet":{"background-color":"","background-image":"","background-repeat":"repeat","background-position":"center center","background-size":"auto","background-attachment":"scroll","background-type":"","background-media":"","overlay-type":"","overlay-color":"","overlay-opacity":"","overlay-gradient":""},"mobile":{"background-color":"","background-image":"","background-repeat":"repeat","background-position":"center center","background-size":"auto","background-attachment":"scroll","background-type":"","background-media":"","overlay-type":"","overlay-color":"","overlay-opacity":"","overlay-gradient":""}},"ast-content-background-meta":{"desktop":{"background-color":"var(--ast-global-color-5)","background-image":"","background-repeat":"repeat","background-position":"center center","background-size":"auto","background-attachment":"scroll","background-type":"","background-media":"","overlay-type":"","overlay-color":"","overlay-opacity":"","overlay-gradient":""},"tablet":{"background-color":"var(--ast-global-color-5)","background-image":"","background-repeat":"repeat","background-position":"center center","background-size":"auto","background-attachment":"scroll","background-type":"","background-media":"","overlay-type":"","overlay-color":"","overlay-opacity":"","overlay-gradient":""},"mobile":{"background-color":"var(--ast-global-color-5)","background-image":"","background-repeat":"repeat","background-position":"center center","background-size":"auto","background-attachment":"scroll","background-type":"","background-media":"","overlay-type":"","overlay-color":"","overlay-opacity":"","overlay-gradient":""}},"_joinchat":[],"footnotes":""},"categories":[11],"tags":[],"class_list":["post-1477","post","type-post","status-publish","format-standard","has-post-thumbnail","hentry","category-noticias"],"yoast_head":"<!-- This site is optimized with the Yoast SEO plugin v27.5 - https:\/\/yoast.com\/product\/yoast-seo-wordpress\/ -->\n<title>Visitando a los Ni\u00f1os de Corralito en su d\u00eda - Impaktemos<\/title>\n<meta name=\"description\" content=\"El s\u00e1bado pasado, 17 de julio se celebr\u00f3 en Venezuela el D\u00eda del Ni\u00f1o y en Plataforma se estuvo visitando a los ni\u00f1os de Corralito en su d\u00eda.\" \/>\n<meta name=\"robots\" content=\"index, follow, max-snippet:-1, max-image-preview:large, max-video-preview:-1\" \/>\n<link rel=\"canonical\" href=\"https:\/\/impaktemos.org\/?p=1477\" \/>\n<meta property=\"og:locale\" content=\"es_ES\" \/>\n<meta property=\"og:type\" content=\"article\" \/>\n<meta property=\"og:title\" content=\"Visitando a los Ni\u00f1os de Corralito en su d\u00eda - Impaktemos\" \/>\n<meta property=\"og:description\" content=\"El s\u00e1bado pasado, 17 de julio se celebr\u00f3 en Venezuela el D\u00eda del Ni\u00f1o y en Plataforma se estuvo visitando a los ni\u00f1os de Corralito en su d\u00eda.\" \/>\n<meta property=\"og:url\" content=\"https:\/\/impaktemos.org\/?p=1477\" \/>\n<meta property=\"og:site_name\" content=\"Impaktemos\" \/>\n<meta property=\"article:publisher\" content=\"https:\/\/www.facebook.com\/impaktemos\/\" \/>\n<meta property=\"article:published_time\" content=\"2021-07-23T13:58:14+00:00\" \/>\n<meta property=\"article:modified_time\" content=\"2023-05-31T13:08:26+00:00\" \/>\n<meta property=\"og:image\" content=\"https:\/\/impaktemos.org\/wp-content\/uploads\/2021\/11\/noticia-Visitando-a-los-Ninos-de-Corralito-en-su-dia-Impaktemos.png\" \/>\n\t<meta property=\"og:image:width\" content=\"821\" \/>\n\t<meta property=\"og:image:height\" content=\"481\" \/>\n\t<meta property=\"og:image:type\" content=\"image\/png\" \/>\n<meta name=\"author\" content=\"Impaktemos\" \/>\n<meta name=\"twitter:card\" content=\"summary_large_image\" \/>\n<meta name=\"twitter:creator\" content=\"@impaktemos\" \/>\n<meta name=\"twitter:site\" content=\"@impaktemos\" \/>\n<meta name=\"twitter:label1\" content=\"Escrito por\" \/>\n\t<meta name=\"twitter:data1\" content=\"Impaktemos\" \/>\n\t<meta name=\"twitter:label2\" content=\"Tiempo estimado de lectura\" \/>\n\t<meta name=\"twitter:data2\" content=\"1 minuto\" \/>\n<script type=\"application\/ld+json\" class=\"yoast-schema-graph\">{\"@context\":\"https:\\\/\\\/schema.org\",\"@graph\":[{\"@type\":\"Article\",\"@id\":\"https:\\\/\\\/impaktemos.org\\\/?p=1477#article\",\"isPartOf\":{\"@id\":\"https:\\\/\\\/impaktemos.org\\\/?p=1477\"},\"author\":{\"name\":\"Impaktemos\",\"@id\":\"https:\\\/\\\/impaktemos.org\\\/#\\\/schema\\\/person\\\/0e95c7ac7e6f5290ad1a12d9ee59ce8e\"},\"headline\":\"Visitando a los Ni\u00f1os de Corralito en su d\u00eda\",\"datePublished\":\"2021-07-23T13:58:14+00:00\",\"dateModified\":\"2023-05-31T13:08:26+00:00\",\"mainEntityOfPage\":{\"@id\":\"https:\\\/\\\/impaktemos.org\\\/?p=1477\"},\"wordCount\":191,\"publisher\":{\"@id\":\"https:\\\/\\\/impaktemos.org\\\/#organization\"},\"image\":{\"@id\":\"https:\\\/\\\/impaktemos.org\\\/?p=1477#primaryimage\"},\"thumbnailUrl\":\"https:\\\/\\\/impaktemos.org\\\/wp-content\\\/uploads\\\/2021\\\/11\\\/noticia-Visitando-a-los-Ninos-de-Corralito-en-su-dia-Impaktemos.png\",\"articleSection\":[\"Noticias\"],\"inLanguage\":\"es\"},{\"@type\":\"WebPage\",\"@id\":\"https:\\\/\\\/impaktemos.org\\\/?p=1477\",\"url\":\"https:\\\/\\\/impaktemos.org\\\/?p=1477\",\"name\":\"Visitando a los Ni\u00f1os de Corralito en su d\u00eda - Impaktemos\",\"isPartOf\":{\"@id\":\"https:\\\/\\\/impaktemos.org\\\/#website\"},\"primaryImageOfPage\":{\"@id\":\"https:\\\/\\\/impaktemos.org\\\/?p=1477#primaryimage\"},\"image\":{\"@id\":\"https:\\\/\\\/impaktemos.org\\\/?p=1477#primaryimage\"},\"thumbnailUrl\":\"https:\\\/\\\/impaktemos.org\\\/wp-content\\\/uploads\\\/2021\\\/11\\\/noticia-Visitando-a-los-Ninos-de-Corralito-en-su-dia-Impaktemos.png\",\"datePublished\":\"2021-07-23T13:58:14+00:00\",\"dateModified\":\"2023-05-31T13:08:26+00:00\",\"description\":\"El s\u00e1bado pasado, 17 de julio se celebr\u00f3 en Venezuela el D\u00eda del Ni\u00f1o y en Plataforma se estuvo visitando a los ni\u00f1os de Corralito en su d\u00eda.\",\"breadcrumb\":{\"@id\":\"https:\\\/\\\/impaktemos.org\\\/?p=1477#breadcrumb\"},\"inLanguage\":\"es\",\"potentialAction\":[{\"@type\":\"ReadAction\",\"target\":[\"https:\\\/\\\/impaktemos.org\\\/?p=1477\"]}]},{\"@type\":\"ImageObject\",\"inLanguage\":\"es\",\"@id\":\"https:\\\/\\\/impaktemos.org\\\/?p=1477#primaryimage\",\"url\":\"https:\\\/\\\/impaktemos.org\\\/wp-content\\\/uploads\\\/2021\\\/11\\\/noticia-Visitando-a-los-Ninos-de-Corralito-en-su-dia-Impaktemos.png\",\"contentUrl\":\"https:\\\/\\\/impaktemos.org\\\/wp-content\\\/uploads\\\/2021\\\/11\\\/noticia-Visitando-a-los-Ninos-de-Corralito-en-su-dia-Impaktemos.png\",\"width\":821,\"height\":481,\"caption\":\"Visitando a los Ni\u00f1os de Corralito en su d\u00eda\"},{\"@type\":\"BreadcrumbList\",\"@id\":\"https:\\\/\\\/impaktemos.org\\\/?p=1477#breadcrumb\",\"itemListElement\":[{\"@type\":\"ListItem\",\"position\":1,\"name\":\"Home\",\"item\":\"https:\\\/\\\/impaktemos.org\\\/\"},{\"@type\":\"ListItem\",\"position\":2,\"name\":\"Visitando a los Ni\u00f1os de Corralito en su d\u00eda\"}]},{\"@type\":\"WebSite\",\"@id\":\"https:\\\/\\\/impaktemos.org\\\/#website\",\"url\":\"https:\\\/\\\/impaktemos.org\\\/\",\"name\":\"Impaktemos\",\"description\":\"My WordPress Blog\",\"publisher\":{\"@id\":\"https:\\\/\\\/impaktemos.org\\\/#organization\"},\"potentialAction\":[{\"@type\":\"SearchAction\",\"target\":{\"@type\":\"EntryPoint\",\"urlTemplate\":\"https:\\\/\\\/impaktemos.org\\\/?s={search_term_string}\"},\"query-input\":{\"@type\":\"PropertyValueSpecification\",\"valueRequired\":true,\"valueName\":\"search_term_string\"}}],\"inLanguage\":\"es\"},{\"@type\":\"Organization\",\"@id\":\"https:\\\/\\\/impaktemos.org\\\/#organization\",\"name\":\"Impaktemos\",\"url\":\"https:\\\/\\\/impaktemos.org\\\/\",\"logo\":{\"@type\":\"ImageObject\",\"inLanguage\":\"es\",\"@id\":\"https:\\\/\\\/impaktemos.org\\\/#\\\/schema\\\/logo\\\/image\\\/\",\"url\":\"http:\\\/\\\/170.100.10.5\\\/wordpress\\\/wp-content\\\/uploads\\\/2021\\\/11\\\/Logo_impaktemos.png\",\"contentUrl\":\"http:\\\/\\\/170.100.10.5\\\/wordpress\\\/wp-content\\\/uploads\\\/2021\\\/11\\\/Logo_impaktemos.png\",\"width\":198,\"height\":59,\"caption\":\"Impaktemos\"},\"image\":{\"@id\":\"https:\\\/\\\/impaktemos.org\\\/#\\\/schema\\\/logo\\\/image\\\/\"},\"sameAs\":[\"https:\\\/\\\/www.facebook.com\\\/impaktemos\\\/\",\"https:\\\/\\\/x.com\\\/impaktemos\",\"https:\\\/\\\/www.instagram.com\\\/impaktemos\\\/\",\"https:\\\/\\\/www.youtube.com\\\/channel\\\/UCr4_KQ1DTZ3q-ZnWZ4lT-Xw\"]},{\"@type\":\"Person\",\"@id\":\"https:\\\/\\\/impaktemos.org\\\/#\\\/schema\\\/person\\\/0e95c7ac7e6f5290ad1a12d9ee59ce8e\",\"name\":\"Impaktemos\",\"image\":{\"@type\":\"ImageObject\",\"inLanguage\":\"es\",\"@id\":\"https:\\\/\\\/secure.gravatar.com\\\/avatar\\\/2a3c0ee8f2f6c97267454894cddecc0ec5ef87b3335edd07be600d135fcb215d?s=96&d=mm&r=g\",\"url\":\"https:\\\/\\\/secure.gravatar.com\\\/avatar\\\/2a3c0ee8f2f6c97267454894cddecc0ec5ef87b3335edd07be600d135fcb215d?s=96&d=mm&r=g\",\"contentUrl\":\"https:\\\/\\\/secure.gravatar.com\\\/avatar\\\/2a3c0ee8f2f6c97267454894cddecc0ec5ef87b3335edd07be600d135fcb215d?s=96&d=mm&r=g\",\"caption\":\"Impaktemos\"},\"url\":\"https:\\\/\\\/impaktemos.org\\\/?author=5\"}]}<\/script>\n<!-- \/ Yoast SEO plugin. -->","yoast_head_json":{"title":"Visitando a los Ni\u00f1os de Corralito en su d\u00eda - Impaktemos","description":"El s\u00e1bado pasado, 17 de julio se celebr\u00f3 en Venezuela el D\u00eda del Ni\u00f1o y en Plataforma se estuvo visitando a los ni\u00f1os de Corralito en su d\u00eda.","robots":{"index":"index","follow":"follow","max-snippet":"max-snippet:-1","max-image-preview":"max-image-preview:large","max-video-preview":"max-video-preview:-1"},"canonical":"https:\/\/impaktemos.org\/?p=1477","og_locale":"es_ES","og_type":"article","og_title":"Visitando a los Ni\u00f1os de Corralito en su d\u00eda - Impaktemos","og_description":"El s\u00e1bado pasado, 17 de julio se celebr\u00f3 en Venezuela el D\u00eda del Ni\u00f1o y en Plataforma se estuvo visitando a los ni\u00f1os de Corralito en su d\u00eda.","og_url":"https:\/\/impaktemos.org\/?p=1477","og_site_name":"Impaktemos","article_publisher":"https:\/\/www.facebook.com\/impaktemos\/","article_published_time":"2021-07-23T13:58:14+00:00","article_modified_time":"2023-05-31T13:08:26+00:00","og_image":[{"width":821,"height":481,"url":"https:\/\/impaktemos.org\/wp-content\/uploads\/2021\/11\/noticia-Visitando-a-los-Ninos-de-Corralito-en-su-dia-Impaktemos.png","type":"image\/png"}],"author":"Impaktemos","twitter_card":"summary_large_image","twitter_creator":"@impaktemos","twitter_site":"@impaktemos","twitter_misc":{"Escrito por":"Impaktemos","Tiempo estimado de lectura":"1 minuto"},"schema":{"@context":"https:\/\/schema.org","@graph":[{"@type":"Article","@id":"https:\/\/impaktemos.org\/?p=1477#article","isPartOf":{"@id":"https:\/\/impaktemos.org\/?p=1477"},"author":{"name":"Impaktemos","@id":"https:\/\/impaktemos.org\/#\/schema\/person\/0e95c7ac7e6f5290ad1a12d9ee59ce8e"},"headline":"Visitando a los Ni\u00f1os de Corralito en su d\u00eda","datePublished":"2021-07-23T13:58:14+00:00","dateModified":"2023-05-31T13:08:26+00:00","mainEntityOfPage":{"@id":"https:\/\/impaktemos.org\/?p=1477"},"wordCount":191,"publisher":{"@id":"https:\/\/impaktemos.org\/#organization"},"image":{"@id":"https:\/\/impaktemos.org\/?p=1477#primaryimage"},"thumbnailUrl":"https:\/\/impaktemos.org\/wp-content\/uploads\/2021\/11\/noticia-Visitando-a-los-Ninos-de-Corralito-en-su-dia-Impaktemos.png","articleSection":["Noticias"],"inLanguage":"es"},{"@type":"WebPage","@id":"https:\/\/impaktemos.org\/?p=1477","url":"https:\/\/impaktemos.org\/?p=1477","name":"Visitando a los Ni\u00f1os de Corralito en su d\u00eda - Impaktemos","isPartOf":{"@id":"https:\/\/impaktemos.org\/#website"},"primaryImageOfPage":{"@id":"https:\/\/impaktemos.org\/?p=1477#primaryimage"},"image":{"@id":"https:\/\/impaktemos.org\/?p=1477#primaryimage"},"thumbnailUrl":"https:\/\/impaktemos.org\/wp-content\/uploads\/2021\/11\/noticia-Visitando-a-los-Ninos-de-Corralito-en-su-dia-Impaktemos.png","datePublished":"2021-07-23T13:58:14+00:00","dateModified":"2023-05-31T13:08:26+00:00","description":"El s\u00e1bado pasado, 17 de julio se celebr\u00f3 en Venezuela el D\u00eda del Ni\u00f1o y en Plataforma se estuvo visitando a los ni\u00f1os de Corralito en su d\u00eda.","breadcrumb":{"@id":"https:\/\/impaktemos.org\/?p=1477#breadcrumb"},"inLanguage":"es","potentialAction":[{"@type":"ReadAction","target":["https:\/\/impaktemos.org\/?p=1477"]}]},{"@type":"ImageObject","inLanguage":"es","@id":"https:\/\/impaktemos.org\/?p=1477#primaryimage","url":"https:\/\/impaktemos.org\/wp-content\/uploads\/2021\/11\/noticia-Visitando-a-los-Ninos-de-Corralito-en-su-dia-Impaktemos.png","contentUrl":"https:\/\/impaktemos.org\/wp-content\/uploads\/2021\/11\/noticia-Visitando-a-los-Ninos-de-Corralito-en-su-dia-Impaktemos.png","width":821,"height":481,"caption":"Visitando a los Ni\u00f1os de Corralito en su d\u00eda"},{"@type":"BreadcrumbList","@id":"https:\/\/impaktemos.org\/?p=1477#breadcrumb","itemListElement":[{"@type":"ListItem","position":1,"name":"Home","item":"https:\/\/impaktemos.org\/"},{"@type":"ListItem","position":2,"name":"Visitando a los Ni\u00f1os de Corralito en su d\u00eda"}]},{"@type":"WebSite","@id":"https:\/\/impaktemos.org\/#website","url":"https:\/\/impaktemos.org\/","name":"Impaktemos","description":"My WordPress Blog","publisher":{"@id":"https:\/\/impaktemos.org\/#organization"},"potentialAction":[{"@type":"SearchAction","target":{"@type":"EntryPoint","urlTemplate":"https:\/\/impaktemos.org\/?s={search_term_string}"},"query-input":{"@type":"PropertyValueSpecification","valueRequired":true,"valueName":"search_term_string"}}],"inLanguage":"es"},{"@type":"Organization","@id":"https:\/\/impaktemos.org\/#organization","name":"Impaktemos","url":"https:\/\/impaktemos.org\/","logo":{"@type":"ImageObject","inLanguage":"es","@id":"https:\/\/impaktemos.org\/#\/schema\/logo\/image\/","url":"http:\/\/170.100.10.5\/wordpress\/wp-content\/uploads\/2021\/11\/Logo_impaktemos.png","contentUrl":"http:\/\/170.100.10.5\/wordpress\/wp-content\/uploads\/2021\/11\/Logo_impaktemos.png","width":198,"height":59,"caption":"Impaktemos"},"image":{"@id":"https:\/\/impaktemos.org\/#\/schema\/logo\/image\/"},"sameAs":["https:\/\/www.facebook.com\/impaktemos\/","https:\/\/x.com\/impaktemos","https:\/\/www.instagram.com\/impaktemos\/","https:\/\/www.youtube.com\/channel\/UCr4_KQ1DTZ3q-ZnWZ4lT-Xw"]},{"@type":"Person","@id":"https:\/\/impaktemos.org\/#\/schema\/person\/0e95c7ac7e6f5290ad1a12d9ee59ce8e","name":"Impaktemos","image":{"@type":"ImageObject","inLanguage":"es","@id":"https:\/\/secure.gravatar.com\/avatar\/2a3c0ee8f2f6c97267454894cddecc0ec5ef87b3335edd07be600d135fcb215d?s=96&d=mm&r=g","url":"https:\/\/secure.gravatar.com\/avatar\/2a3c0ee8f2f6c97267454894cddecc0ec5ef87b3335edd07be600d135fcb215d?s=96&d=mm&r=g","contentUrl":"https:\/\/secure.gravatar.com\/avatar\/2a3c0ee8f2f6c97267454894cddecc0ec5ef87b3335edd07be600d135fcb215d?s=96&d=mm&r=g","caption":"Impaktemos"},"url":"https:\/\/impaktemos.org\/?author=5"}]}},"_links":{"self":[{"href":"https:\/\/impaktemos.org\/index.php?rest_route=\/wp\/v2\/posts\/1477","targetHints":{"allow":["GET"]}}],"collection":[{"href":"https:\/\/impaktemos.org\/index.php?rest_route=\/wp\/v2\/posts"}],"about":[{"href":"https:\/\/impaktemos.org\/index.php?rest_route=\/wp\/v2\/types\/post"}],"author":[{"embeddable":true,"href":"https:\/\/impaktemos.org\/index.php?rest_route=\/wp\/v2\/users\/5"}],"replies":[{"embeddable":true,"href":"https:\/\/impaktemos.org\/index.php?rest_route=%2Fwp%2Fv2%2Fcomments&post=1477"}],"version-history":[{"count":11,"href":"https:\/\/impaktemos.org\/index.php?rest_route=\/wp\/v2\/posts\/1477\/revisions"}],"predecessor-version":[{"id":3265,"href":"https:\/\/impaktemos.org\/index.php?rest_route=\/wp\/v2\/posts\/1477\/revisions\/3265"}],"wp:featuredmedia":[{"embeddable":true,"href":"https:\/\/impaktemos.org\/index.php?rest_route=\/wp\/v2\/media\/1940"}],"wp:attachment":[{"href":"https:\/\/impaktemos.org\/index.php?rest_route=%2Fwp%2Fv2%2Fmedia&parent=1477"}],"wp:term":[{"taxonomy":"category","embeddable":true,"href":"https:\/\/impaktemos.org\/index.php?rest_route=%2Fwp%2Fv2%2Fcategories&post=1477"},{"taxonomy":"post_tag","embeddable":true,"href":"https:\/\/impaktemos.org\/index.php?rest_route=%2Fwp%2Fv2%2Ftags&post=1477"}],"curies":[{"name":"wp","href":"https:\/\/api.w.org\/{rel}","templated":true}]}}